{"id":101568,"date":"2023-02-23T21:44:26","date_gmt":"2023-02-23T21:44:26","guid":{"rendered":"https:\/\/gazetaregionalna.com\/?p=101568"},"modified":"2023-02-23T21:44:28","modified_gmt":"2023-02-23T21:44:28","slug":"siatkarze-exact-systems-norwid-wygrali-z-sms-em-pzps-spala-zgodnie-z-planem-30","status":"publish","type":"post","link":"https:\/\/gazetaregionalna.com\/?p=101568","title":{"rendered":"Siatkarze Exact Systems Norwid wygrali z SMS-em PZPS Spa\u0142a zgodnie z planem 3:0"},"content":{"rendered":"\n<p>W meczu lidera z outsiderem Tauron 1 Ligi Exact Systems Norwid Cz\u0119stochowa pokona\u0142 SMS PZPS Spa\u0142a zgodnie z planem 3:0. Spotkanie ogl\u0105da\u0142 na \u017cywo prezydent Cz\u0119stochowy Krzysztof Matyjaszczyk.<\/p>\n\n\n\n<p>Zdecydowanym faworytem spotkania byli cz\u0119stochowscy siatkarze, kt\u00f3rzy s\u0105 liderem Tauron 1 Ligi. Uczniowie ze Szko\u0142y Mistrzostwa Sportowego PZPS w obecnym sezonie nie wygrali jeszcze ani jednego spotkania i zamykaj\u0105 tabel\u0119. W Cz\u0119stochowie nie urwali gospodarzom seta, ale te\u017c nie przynie\u015bli sobie wstydu. Momentami prowadzili z Exact Systems Norwid wyr\u00f3wnan\u0105 gr\u0119&#8230;<\/p>\n\n\n\n<p>Trener gospodarzy Leszek Hudziak w meczu z SMS-em m\u00f3g\u0142 da\u0107 pogra\u0107 zmiennikom.<\/p>\n\n\n\n<p>Mecz z trybun ogl\u0105da\u0142 prezydent Cz\u0119stochowy Krzysztof Matyjaszczyk.<\/p>\n\n\n\n<p>Nagrod\u0119 MVP otrzyma\u0142 Mateusz Borkowski.<\/p>\n\n\n\n<p>Siatkarze Exact Systems Norwid po 23 rozegranych meczach maj\u0105 na koncie 56 punkt\u00f3w i s\u0105 liderem Tauron 1 Ligi. W czwartkowy wiecz\u00f3r cz\u0119stochowianie wzbogacili si\u0119 o 19 ligowe zwyci\u0119stwo.<\/p>\n\n\n\n<p><strong>MR-K<\/strong>, fot: <strong>Marek Osuchowski<\/strong> (Exact Systems Norwid Cz\u0119stochowa)<\/p>\n\n\n\n<p><strong>Exact Systems Norwid Cz\u0119stochowa \u2013 SMS PZPS Spa\u0142a 3:0 (25:20, 25:17, 25:17)<\/strong><\/p>\n\n\n\n<p><strong>Exact Systems Norwid:<\/strong> Kowalski, S\u0142ugocki, Graham, Borkowski, Kogut, Schmidt, Takahashi (libero) \u2013 Bili\u0144ski, Kry\u0144ski, Szewi\u0144ski, Olczyk (libero).<\/p>\n\n\n\n<figure class=\"wp-block-image size-large\"><img decoding=\"async\" width=\"1024\" height=\"483\" data-src=\"https:\/\/gazetaregionalna.com\/wp-content\/uploads\/2023\/02\/Norwid-fot-Marek-Osuchowski-1024x483.jpg\" alt=\"\" class=\"wp-image-101569 lazyload\" data-srcset=\"https:\/\/gazetaregionalna.com\/wp-content\/uploads\/2023\/02\/Norwid-fot-Marek-Osuchowski-1024x483.jpg 1024w, https:\/\/gazetaregionalna.com\/wp-content\/uploads\/2023\/02\/Norwid-fot-Marek-Osuchowski-300x142.jpg 300w, https:\/\/gazetaregionalna.com\/wp-content\/uploads\/2023\/02\/Norwid-fot-Marek-Osuchowski-768x363.jpg 768w, https:\/\/gazetaregionalna.com\/wp-content\/uploads\/2023\/02\/Norwid-fot-Marek-Osuchowski-1536x725.jpg 1536w, https:\/\/gazetaregionalna.com\/wp-content\/uploads\/2023\/02\/Norwid-fot-Marek-Osuchowski-2048x967.jpg 2048w, https:\/\/gazetaregionalna.com\/wp-content\/uploads\/2023\/02\/Norwid-fot-Marek-Osuchowski-696x329.jpg 696w, https:\/\/gazetaregionalna.com\/wp-content\/uploads\/2023\/02\/Norwid-fot-Marek-Osuchowski-1068x504.jpg 1068w, https:\/\/gazetaregionalna.com\/wp-content\/uploads\/2023\/02\/Norwid-fot-Marek-Osuchowski-1920x907.jpg 1920w, https:\/\/gazetaregionalna.com\/wp-content\/uploads\/2023\/02\/Norwid-fot-Marek-Osuchowski-890x420.jpg 890w, https:\/\/gazetaregionalna.com\/wp-content\/uploads\/2023\/02\/Norwid-fot-Marek-Osuchowski-scaled.jpg 1600w\" data-sizes=\"(max-width: 1024px) 100vw, 1024px\" src=\"data:image\/svg+xml;base64,PHN2ZyB3aWR0aD0iMSIgaGVpZ2h0PSIxIiB4bWxucz0iaHR0cDovL3d3dy53My5vcmcvMjAwMC9zdmciPjwvc3ZnPg==\" style=\"--smush-placeholder-width: 1024px; --smush-placeholder-aspect-ratio: 1024\/483;\" \/><\/figure>\n\n\n\n<figure class=\"wp-block-image size-large\"><img decoding=\"async\" width=\"300\" height=\"250\" data-src=\"https:\/\/gazetaregionalna.com\/wp-content\/uploads\/2022\/04\/DMK-10.jpg\" alt=\"\" class=\"wp-image-77218 lazyload\" src=\"data:image\/svg+xml;base64,PHN2ZyB3aWR0aD0iMSIgaGVpZ2h0PSIxIiB4bWxucz0iaHR0cDovL3d3dy53My5vcmcvMjAwMC9zdmciPjwvc3ZnPg==\" style=\"--smush-placeholder-width: 300px; --smush-placeholder-aspect-ratio: 300\/250;\"><\/figure>\n","protected":false},"excerpt":{"rendered":"<p>W meczu lidera z outsiderem Tauron 1 Ligi Exact Systems Norwid Cz\u0119stochowa pokona\u0142 SMS PZPS Spa\u0142a zgodnie z planem 3:0. Spotkanie ogl\u0105da\u0142 na \u017cywo<\/p>\n","protected":false},"author":15,"featured_media":101569,"comment_status":"closed","ping_status":"open","sticky":false,"template":"","format":"standard","meta":{"_monsterinsights_skip_tracking":false,"_monsterinsights_sitenote_active":false,"_monsterinsights_sitenote_note":"","_monsterinsights_sitenote_category":0,"_uf_show_specific_survey":0,"_uf_disable_surveys":false,"footnotes":""},"categories":[5,8],"tags":[],"class_list":["post-101568","post","type-post","status-publish","format-standard","has-post-thumbnail","hentry","category-sport","category-siatkowka"],"_links":{"self":[{"href":"https:\/\/gazetaregionalna.com\/index.php?rest_route=\/wp\/v2\/posts\/101568","targetHints":{"allow":["GET"]}}],"collection":[{"href":"https:\/\/gazetaregionalna.com\/index.php?rest_route=\/wp\/v2\/posts"}],"about":[{"href":"https:\/\/gazetaregionalna.com\/index.php?rest_route=\/wp\/v2\/types\/post"}],"author":[{"embeddable":true,"href":"https:\/\/gazetaregionalna.com\/index.php?rest_route=\/wp\/v2\/users\/15"}],"replies":[{"embeddable":true,"href":"https:\/\/gazetaregionalna.com\/index.php?rest_route=%2Fwp%2Fv2%2Fcomments&post=101568"}],"version-history":[{"count":1,"href":"https:\/\/gazetaregionalna.com\/index.php?rest_route=\/wp\/v2\/posts\/101568\/revisions"}],"predecessor-version":[{"id":101570,"href":"https:\/\/gazetaregionalna.com\/index.php?rest_route=\/wp\/v2\/posts\/101568\/revisions\/101570"}],"wp:featuredmedia":[{"embeddable":true,"href":"https:\/\/gazetaregionalna.com\/index.php?rest_route=\/wp\/v2\/media\/101569"}],"wp:attachment":[{"href":"https:\/\/gazetaregionalna.com\/index.php?rest_route=%2Fwp%2Fv2%2Fmedia&parent=101568"}],"wp:term":[{"taxonomy":"category","embeddable":true,"href":"https:\/\/gazetaregionalna.com\/index.php?rest_route=%2Fwp%2Fv2%2Fcategories&post=101568"},{"taxonomy":"post_tag","embeddable":true,"href":"https:\/\/gazetaregionalna.com\/index.php?rest_route=%2Fwp%2Fv2%2Ftags&post=101568"}],"curies":[{"name":"wp","href":"https:\/\/api.w.org\/{rel}","templated":true}]}}