{"id":101204,"date":"2023-02-16T18:17:48","date_gmt":"2023-02-16T18:17:48","guid":{"rendered":"https:\/\/gazetaregionalna.com\/?p=101204"},"modified":"2023-02-16T18:17:50","modified_gmt":"2023-02-16T18:17:50","slug":"rakow-czestochowa-chce-wygrac-z-gornikiem-zabrze","status":"publish","type":"post","link":"https:\/\/gazetaregionalna.com\/?p=101204","title":{"rendered":"Rak\u00f3w Cz\u0119stochowa chce wygra\u0107 z G\u00f3rnikiem Zabrze"},"content":{"rendered":"\n<p>Po trzech kolejkach rundy wiosennej Rak\u00f3w Cz\u0119stochowa jest nadal liderem PKO BP Ekstraklasy i ma 7 punkt\u00f3w przewagi nad wiceliderem Legi\u0105 Warszawa. W sobot\u0119 przy Limanowskiego cz\u0119stochowianie podejmuj\u0105 G\u00f3rnika Zabrza, a kibice czerwono-niebieskich maj\u0105 nadziej\u0119 na 10 domowe zwyci\u0119stwo i 15 w obecnym sezonie.<\/p>\n\n\n\n<p>Pocz\u0105tek rundy wiosennej i 2023 roku dla kibic\u00f3w Rakowa nie jest w pe\u0142ni udany. Fani Rakowa liczyli na skuteczn\u0105 gr\u0119 cz\u0119stochowskich pi\u0142karzy i zwyci\u0119stwa. Tymczasem Rak\u00f3w w trzech meczach zdoby\u0142 5 na 9 punkt\u00f3w i strzeli\u0142 tylko dwie bramki&#8230; Podopieczni trenera Marka Papszuna w przedsezonowych sparingach cz\u0119\u015bciej trafiali do bramek rywali, a w lidze ich skuteczno\u015b\u0107 spad\u0142a&#8230;<\/p>\n\n\n\n<p>W sobot\u0119 Rak\u00f3w b\u0119dzie mia\u0142 okazj\u0119 na 15 zwyci\u0119stwo w sezonie i 10 przy Limanowskiego. Jak na razie twierdza Rak\u00f3w jest niezdobyta. Rak\u00f3w na 10 rozegranych mecz\u00f3w na swoim stadionie wygra\u0142 9 i tylko jeden zremisowa\u0142&#8230;<\/p>\n\n\n\n<p>Sobotni mecz z G\u00f3rnikiem nie b\u0119dzie jednak \u0142atwy. Rak\u00f3w w obecnym sezonie dozna\u0142 jak na razie tylko 2 pora\u017cek, ale jedn\u0105 z nich zanotowa\u0142 w\u0142a\u015bnie w Zabrzu z G\u00f3rnikiem (0:1). W poprzednim sezonie czerwono-niebieskim w starciach z zabrzanami te\u017c nie by\u0142o \u0142atwo i stracili z G\u00f3rnikiem 4 punkty. Przegrali u siebie 1:2 i zremisowali w Zabrzu 1:1. W ostatnich trzech ligowych meczach Rak\u00f3w nie wygra\u0142 z G\u00f3rnikiem, ale kibice i pi\u0142karze wierz\u0105, \u017ce ta sytuacja zmieni si\u0119 w sobot\u0119&#8230;<\/p>\n\n\n\n<p>Mecz Rakowa z G\u00f3rnikiem zapowiada si\u0119 na interesuj\u0105ce widowisko. Cz\u0119stochowianie prowadz\u0105 w tabeli (G\u00f3rnik jest na 14. pozycji), ale ich przewaga nad Legi\u0105 zmala\u0142a ju\u017c z 9 do 7 punkt\u00f3w. Na szcz\u0119\u015bcie punkty gubi\u0105 te\u017c rywale. W miniony weekend Legia tylko zremisowa\u0142a z Cracovi\u0105 2:2 i \u201ezgubi\u0142a\u201d w rundzie wiosennej pierwsze 2 punkty.<\/p>\n\n\n\n<p>Cz\u0119stochowianie musz\u0105 odzyska\u0107 swoj\u0105 skuteczno\u015b\u0107 z rundy jesiennej. Rak\u00f3w jesieni\u0105 zdoby\u0142 36 bramek, co daje \u015bredni\u0105 2,11 na mecz, jednak a\u017c 7 z nich wpad\u0142o w meczu z Wis\u0142\u0105 P\u0142ock, kt\u00f3ry to cz\u0119stochowianie wygrali w 16 kolejce a\u017c 7:1&#8230;<\/p>\n\n\n\n<p>Sobotni mecz Rakowa z G\u00f3rnikiem zaplanowano o godz. 17:30.<\/p>\n\n\n\n<p>MR-K, fot: AK<\/p>\n\n\n\n<figure class=\"wp-block-image size-large\"><img decoding=\"async\" width=\"1024\" height=\"683\" data-src=\"https:\/\/gazetaregionalna.com\/wp-content\/uploads\/2022\/08\/Gornik-Rakow-4-1024x683.jpg\" alt=\"\" class=\"wp-image-88415 lazyload\" data-srcset=\"https:\/\/gazetaregionalna.com\/wp-content\/uploads\/2022\/08\/Gornik-Rakow-4-1024x683.jpg 1024w, https:\/\/gazetaregionalna.com\/wp-content\/uploads\/2022\/08\/Gornik-Rakow-4-300x200.jpg 300w, https:\/\/gazetaregionalna.com\/wp-content\/uploads\/2022\/08\/Gornik-Rakow-4-768x512.jpg 768w, https:\/\/gazetaregionalna.com\/wp-content\/uploads\/2022\/08\/Gornik-Rakow-4-1536x1024.jpg 1536w, https:\/\/gazetaregionalna.com\/wp-content\/uploads\/2022\/08\/Gornik-Rakow-4-2048x1365.jpg 2048w, https:\/\/gazetaregionalna.com\/wp-content\/uploads\/2022\/08\/Gornik-Rakow-4-696x464.jpg 696w, https:\/\/gazetaregionalna.com\/wp-content\/uploads\/2022\/08\/Gornik-Rakow-4-1068x712.jpg 1068w, https:\/\/gazetaregionalna.com\/wp-content\/uploads\/2022\/08\/Gornik-Rakow-4-1920x1280.jpg 1920w, https:\/\/gazetaregionalna.com\/wp-content\/uploads\/2022\/08\/Gornik-Rakow-4-630x420.jpg 630w, https:\/\/gazetaregionalna.com\/wp-content\/uploads\/2022\/08\/Gornik-Rakow-4-scaled.jpg 1600w\" data-sizes=\"(max-width: 1024px) 100vw, 1024px\" src=\"data:image\/svg+xml;base64,PHN2ZyB3aWR0aD0iMSIgaGVpZ2h0PSIxIiB4bWxucz0iaHR0cDovL3d3dy53My5vcmcvMjAwMC9zdmciPjwvc3ZnPg==\" style=\"--smush-placeholder-width: 1024px; --smush-placeholder-aspect-ratio: 1024\/683;\" \/><\/figure>\n\n\n\n<figure class=\"wp-block-image size-large\"><img decoding=\"async\" width=\"300\" height=\"250\" data-src=\"https:\/\/gazetaregionalna.com\/wp-content\/uploads\/2022\/04\/DMK-8.jpg\" alt=\"\" class=\"wp-image-77215 lazyload\" src=\"data:image\/svg+xml;base64,PHN2ZyB3aWR0aD0iMSIgaGVpZ2h0PSIxIiB4bWxucz0iaHR0cDovL3d3dy53My5vcmcvMjAwMC9zdmciPjwvc3ZnPg==\" style=\"--smush-placeholder-width: 300px; --smush-placeholder-aspect-ratio: 300\/250;\"><\/figure>\n\n\n\n<figure class=\"wp-block-image size-large\"><img decoding=\"async\" width=\"1024\" height=\"682\" data-src=\"https:\/\/gazetaregionalna.com\/wp-content\/uploads\/2022\/08\/Gornik-Rakow-7-1024x682.jpg\" alt=\"\" class=\"wp-image-88417 lazyload\" data-srcset=\"https:\/\/gazetaregionalna.com\/wp-content\/uploads\/2022\/08\/Gornik-Rakow-7-1024x682.jpg 1024w, https:\/\/gazetaregionalna.com\/wp-content\/uploads\/2022\/08\/Gornik-Rakow-7-300x200.jpg 300w, https:\/\/gazetaregionalna.com\/wp-content\/uploads\/2022\/08\/Gornik-Rakow-7-768x512.jpg 768w, https:\/\/gazetaregionalna.com\/wp-content\/uploads\/2022\/08\/Gornik-Rakow-7-1536x1024.jpg 1536w, https:\/\/gazetaregionalna.com\/wp-content\/uploads\/2022\/08\/Gornik-Rakow-7-2048x1365.jpg 2048w, https:\/\/gazetaregionalna.com\/wp-content\/uploads\/2022\/08\/Gornik-Rakow-7-696x464.jpg 696w, https:\/\/gazetaregionalna.com\/wp-content\/uploads\/2022\/08\/Gornik-Rakow-7-1068x712.jpg 1068w, https:\/\/gazetaregionalna.com\/wp-content\/uploads\/2022\/08\/Gornik-Rakow-7-1920x1280.jpg 1920w, https:\/\/gazetaregionalna.com\/wp-content\/uploads\/2022\/08\/Gornik-Rakow-7-630x420.jpg 630w, https:\/\/gazetaregionalna.com\/wp-content\/uploads\/2022\/08\/Gornik-Rakow-7-scaled.jpg 1600w\" data-sizes=\"(max-width: 1024px) 100vw, 1024px\" src=\"data:image\/svg+xml;base64,PHN2ZyB3aWR0aD0iMSIgaGVpZ2h0PSIxIiB4bWxucz0iaHR0cDovL3d3dy53My5vcmcvMjAwMC9zdmciPjwvc3ZnPg==\" style=\"--smush-placeholder-width: 1024px; --smush-placeholder-aspect-ratio: 1024\/682;\" \/><\/figure>\n\n\n\n<figure class=\"wp-block-image size-large\"><img decoding=\"async\" width=\"1024\" height=\"683\" data-src=\"https:\/\/gazetaregionalna.com\/wp-content\/uploads\/2022\/08\/Gornik-Rakow-57-1024x683.jpg\" alt=\"\" class=\"wp-image-88666 lazyload\" data-srcset=\"https:\/\/gazetaregionalna.com\/wp-content\/uploads\/2022\/08\/Gornik-Rakow-57-1024x683.jpg 1024w, https:\/\/gazetaregionalna.com\/wp-content\/uploads\/2022\/08\/Gornik-Rakow-57-300x200.jpg 300w, https:\/\/gazetaregionalna.com\/wp-content\/uploads\/2022\/08\/Gornik-Rakow-57-768x512.jpg 768w, https:\/\/gazetaregionalna.com\/wp-content\/uploads\/2022\/08\/Gornik-Rakow-57-1536x1024.jpg 1536w, https:\/\/gazetaregionalna.com\/wp-content\/uploads\/2022\/08\/Gornik-Rakow-57-2048x1365.jpg 2048w, https:\/\/gazetaregionalna.com\/wp-content\/uploads\/2022\/08\/Gornik-Rakow-57-696x464.jpg 696w, https:\/\/gazetaregionalna.com\/wp-content\/uploads\/2022\/08\/Gornik-Rakow-57-1068x712.jpg 1068w, https:\/\/gazetaregionalna.com\/wp-content\/uploads\/2022\/08\/Gornik-Rakow-57-1920x1280.jpg 1920w, https:\/\/gazetaregionalna.com\/wp-content\/uploads\/2022\/08\/Gornik-Rakow-57-630x420.jpg 630w, https:\/\/gazetaregionalna.com\/wp-content\/uploads\/2022\/08\/Gornik-Rakow-57-scaled.jpg 1600w\" data-sizes=\"(max-width: 1024px) 100vw, 1024px\" src=\"data:image\/svg+xml;base64,PHN2ZyB3aWR0aD0iMSIgaGVpZ2h0PSIxIiB4bWxucz0iaHR0cDovL3d3dy53My5vcmcvMjAwMC9zdmciPjwvc3ZnPg==\" style=\"--smush-placeholder-width: 1024px; --smush-placeholder-aspect-ratio: 1024\/683;\" \/><\/figure>\n\n\n\n<figure class=\"wp-block-image size-large\"><img decoding=\"async\" width=\"300\" height=\"250\" data-src=\"https:\/\/gazetaregionalna.com\/wp-content\/uploads\/2022\/04\/DMK-3.jpg\" alt=\"\" class=\"wp-image-77211 lazyload\" src=\"data:image\/svg+xml;base64,PHN2ZyB3aWR0aD0iMSIgaGVpZ2h0PSIxIiB4bWxucz0iaHR0cDovL3d3dy53My5vcmcvMjAwMC9zdmciPjwvc3ZnPg==\" style=\"--smush-placeholder-width: 300px; --smush-placeholder-aspect-ratio: 300\/250;\"><\/figure>\n\n\n\n<figure class=\"wp-block-image size-large\"><img decoding=\"async\" width=\"300\" height=\"250\" data-src=\"https:\/\/gazetaregionalna.com\/wp-content\/uploads\/2022\/04\/DMK-2.jpg\" alt=\"\" class=\"wp-image-77210 lazyload\" src=\"data:image\/svg+xml;base64,PHN2ZyB3aWR0aD0iMSIgaGVpZ2h0PSIxIiB4bWxucz0iaHR0cDovL3d3dy53My5vcmcvMjAwMC9zdmciPjwvc3ZnPg==\" style=\"--smush-placeholder-width: 300px; --smush-placeholder-aspect-ratio: 300\/250;\"><\/figure>\n\n\n\n<figure class=\"wp-block-image size-large\"><img decoding=\"async\" width=\"1024\" height=\"683\" data-src=\"https:\/\/gazetaregionalna.com\/wp-content\/uploads\/2022\/08\/Gornik-Rakow-8-1024x683.jpg\" alt=\"\" class=\"wp-image-88418 lazyload\" data-srcset=\"https:\/\/gazetaregionalna.com\/wp-content\/uploads\/2022\/08\/Gornik-Rakow-8-1024x683.jpg 1024w, https:\/\/gazetaregionalna.com\/wp-content\/uploads\/2022\/08\/Gornik-Rakow-8-300x200.jpg 300w, https:\/\/gazetaregionalna.com\/wp-content\/uploads\/2022\/08\/Gornik-Rakow-8-768x512.jpg 768w, https:\/\/gazetaregionalna.com\/wp-content\/uploads\/2022\/08\/Gornik-Rakow-8-1536x1024.jpg 1536w, https:\/\/gazetaregionalna.com\/wp-content\/uploads\/2022\/08\/Gornik-Rakow-8-2048x1365.jpg 2048w, https:\/\/gazetaregionalna.com\/wp-content\/uploads\/2022\/08\/Gornik-Rakow-8-696x464.jpg 696w, https:\/\/gazetaregionalna.com\/wp-content\/uploads\/2022\/08\/Gornik-Rakow-8-1068x712.jpg 1068w, https:\/\/gazetaregionalna.com\/wp-content\/uploads\/2022\/08\/Gornik-Rakow-8-1920x1280.jpg 1920w, https:\/\/gazetaregionalna.com\/wp-content\/uploads\/2022\/08\/Gornik-Rakow-8-630x420.jpg 630w, https:\/\/gazetaregionalna.com\/wp-content\/uploads\/2022\/08\/Gornik-Rakow-8-scaled.jpg 1600w\" data-sizes=\"(max-width: 1024px) 100vw, 1024px\" src=\"data:image\/svg+xml;base64,PHN2ZyB3aWR0aD0iMSIgaGVpZ2h0PSIxIiB4bWxucz0iaHR0cDovL3d3dy53My5vcmcvMjAwMC9zdmciPjwvc3ZnPg==\" style=\"--smush-placeholder-width: 1024px; --smush-placeholder-aspect-ratio: 1024\/683;\" \/><\/figure>\n","protected":false},"excerpt":{"rendered":"<p>Po trzech kolejkach rundy wiosennej Rak\u00f3w Cz\u0119stochowa jest nadal liderem PKO BP Ekstraklasy i ma 7 punkt\u00f3w przewagi nad wiceliderem Legi\u0105 Warszawa. W sobot\u0119<\/p>\n","protected":false},"author":15,"featured_media":88415,"comment_status":"closed","ping_status":"open","sticky":false,"template":"","format":"standard","meta":{"_monsterinsights_skip_tracking":false,"_monsterinsights_sitenote_active":false,"_monsterinsights_sitenote_note":"","_monsterinsights_sitenote_category":0,"_uf_show_specific_survey":0,"_uf_disable_surveys":false,"footnotes":""},"categories":[94,6,5],"tags":[],"class_list":["post-101204","post","type-post","status-publish","format-standard","has-post-thumbnail","hentry","category-polecane","category-pilka-nozna","category-sport"],"_links":{"self":[{"href":"https:\/\/gazetaregionalna.com\/index.php?rest_route=\/wp\/v2\/posts\/101204","targetHints":{"allow":["GET"]}}],"collection":[{"href":"https:\/\/gazetaregionalna.com\/index.php?rest_route=\/wp\/v2\/posts"}],"about":[{"href":"https:\/\/gazetaregionalna.com\/index.php?rest_route=\/wp\/v2\/types\/post"}],"author":[{"embeddable":true,"href":"https:\/\/gazetaregionalna.com\/index.php?rest_route=\/wp\/v2\/users\/15"}],"replies":[{"embeddable":true,"href":"https:\/\/gazetaregionalna.com\/index.php?rest_route=%2Fwp%2Fv2%2Fcomments&post=101204"}],"version-history":[{"count":1,"href":"https:\/\/gazetaregionalna.com\/index.php?rest_route=\/wp\/v2\/posts\/101204\/revisions"}],"predecessor-version":[{"id":101205,"href":"https:\/\/gazetaregionalna.com\/index.php?rest_route=\/wp\/v2\/posts\/101204\/revisions\/101205"}],"wp:featuredmedia":[{"embeddable":true,"href":"https:\/\/gazetaregionalna.com\/index.php?rest_route=\/wp\/v2\/media\/88415"}],"wp:attachment":[{"href":"https:\/\/gazetaregionalna.com\/index.php?rest_route=%2Fwp%2Fv2%2Fmedia&parent=101204"}],"wp:term":[{"taxonomy":"category","embeddable":true,"href":"https:\/\/gazetaregionalna.com\/index.php?rest_route=%2Fwp%2Fv2%2Fcategories&post=101204"},{"taxonomy":"post_tag","embeddable":true,"href":"https:\/\/gazetaregionalna.com\/index.php?rest_route=%2Fwp%2Fv2%2Ftags&post=101204"}],"curies":[{"name":"wp","href":"https:\/\/api.w.org\/{rel}","templated":true}]}}