{"id":101202,"date":"2023-02-16T17:33:48","date_gmt":"2023-02-16T17:33:48","guid":{"rendered":"https:\/\/gazetaregionalna.com\/?p=101202"},"modified":"2023-02-16T17:34:28","modified_gmt":"2023-02-16T17:34:28","slug":"ostatnia-skra-czestochowa-podejmuje-w-belchatowie-pierwszy-lks-lodz","status":"publish","type":"post","link":"https:\/\/gazetaregionalna.com\/?p=101202","title":{"rendered":"Ostatnia Skra Cz\u0119stochowa podejmuje w Be\u0142chatowie pierwszy \u0141KS \u0141\u00f3d\u017a"},"content":{"rendered":"\n<p>Pi\u0142karze Skry Cz\u0119stochowa w pierwszym ligowym meczu w 2023 roku przegrali w Chojnicach z Chojniczank\u0105 0:2. W niedziel\u0119 b\u0119dzie jeszcze trudniej, bo cz\u0119stochowianie zmierz\u0105 si\u0119 z liderem Fortuna 1 Ligi \u0141KS-em \u0141\u00f3d\u017a&#8230;<\/p>\n\n\n\n<p>Pi\u0142karze Skry znajduj\u0105 si\u0119 obecnie w bardzo trudnej sytuacji. W miniony poniedzia\u0142ek pi\u0142karze trenera Jakuba Dzi\u00f3\u0142ki przegrali w Chojnicach bardzo wa\u017cny mecz z Chojniczank\u0105. Rywale po zwyci\u0119stwie 2:0 wydostali si\u0119 ze strefy spadkowej, a Skra po 19 kolejkach zajmuje ostatnie, 18. miejsce i ma na koncie tylko 15 punkt\u00f3w.<\/p>\n\n\n\n<p>W najbli\u017csz\u0105 niedziel\u0119 cz\u0119stochowianie raczej nie powi\u0119ksz\u0105 swojego dorobku punktowego, bo zmierz\u0105 si\u0119 ze zmierzaj\u0105cym do PKO BP Ekstraklasy \u0141KS-em \u0141\u00f3d\u017a. Co prawda \u0141KS w miniony weekend tylko zremisowa\u0142 u siebie z GKS-em Tychy 1:1, ale prowadzi w tabeli z 3 punktow\u0105 przewag\u0105 nad drugim Ruchem Chorz\u00f3w i w meczu ze Skr\u0105 b\u0119dzie zdecydowanym faworytem&#8230;<\/p>\n\n\n\n<p>Pocz\u0105tek niedzielnego meczu zaplanowano w Be\u0142chatowie o godz. 15.<\/p>\n\n\n\n<p>AK, fot: AK<\/p>\n\n\n\n<figure class=\"wp-block-image size-large\"><img decoding=\"async\" width=\"1024\" height=\"683\" data-src=\"https:\/\/gazetaregionalna.com\/wp-content\/uploads\/2022\/08\/Skra_Wisla-7-1024x683.jpg\" alt=\"\" class=\"wp-image-89549 lazyload\" data-srcset=\"https:\/\/gazetaregionalna.com\/wp-content\/uploads\/2022\/08\/Skra_Wisla-7-1024x683.jpg 1024w, https:\/\/gazetaregionalna.com\/wp-content\/uploads\/2022\/08\/Skra_Wisla-7-300x200.jpg 300w, https:\/\/gazetaregionalna.com\/wp-content\/uploads\/2022\/08\/Skra_Wisla-7-768x512.jpg 768w, https:\/\/gazetaregionalna.com\/wp-content\/uploads\/2022\/08\/Skra_Wisla-7-1536x1024.jpg 1536w, https:\/\/gazetaregionalna.com\/wp-content\/uploads\/2022\/08\/Skra_Wisla-7-696x464.jpg 696w, https:\/\/gazetaregionalna.com\/wp-content\/uploads\/2022\/08\/Skra_Wisla-7-1068x712.jpg 1068w, https:\/\/gazetaregionalna.com\/wp-content\/uploads\/2022\/08\/Skra_Wisla-7-630x420.jpg 630w, https:\/\/gazetaregionalna.com\/wp-content\/uploads\/2022\/08\/Skra_Wisla-7-scaled.jpg 1600w\" data-sizes=\"(max-width: 1024px) 100vw, 1024px\" src=\"data:image\/svg+xml;base64,PHN2ZyB3aWR0aD0iMSIgaGVpZ2h0PSIxIiB4bWxucz0iaHR0cDovL3d3dy53My5vcmcvMjAwMC9zdmciPjwvc3ZnPg==\" style=\"--smush-placeholder-width: 1024px; --smush-placeholder-aspect-ratio: 1024\/683;\" \/><\/figure>\n\n\n\n<figure class=\"wp-block-image size-large\"><img decoding=\"async\" width=\"300\" height=\"250\" data-src=\"https:\/\/gazetaregionalna.com\/wp-content\/uploads\/2022\/10\/DMK11.jpg\" alt=\"\" class=\"wp-image-95727 lazyload\" src=\"data:image\/svg+xml;base64,PHN2ZyB3aWR0aD0iMSIgaGVpZ2h0PSIxIiB4bWxucz0iaHR0cDovL3d3dy53My5vcmcvMjAwMC9zdmciPjwvc3ZnPg==\" style=\"--smush-placeholder-width: 300px; --smush-placeholder-aspect-ratio: 300\/250;\"><\/figure>\n","protected":false},"excerpt":{"rendered":"<p>Pi\u0142karze Skry Cz\u0119stochowa w pierwszym ligowym meczu w 2023 roku przegrali w Chojnicach z Chojniczank\u0105 0:2. W niedziel\u0119 b\u0119dzie jeszcze trudniej, bo cz\u0119stochowianie zmierz\u0105<\/p>\n","protected":false},"author":15,"featured_media":89549,"comment_status":"closed","ping_status":"open","sticky":false,"template":"","format":"standard","meta":{"_monsterinsights_skip_tracking":false,"_monsterinsights_sitenote_active":false,"_monsterinsights_sitenote_note":"","_monsterinsights_sitenote_category":0,"_uf_show_specific_survey":0,"_uf_disable_surveys":false,"footnotes":""},"categories":[5,6],"tags":[],"class_list":["post-101202","post","type-post","status-publish","format-standard","has-post-thumbnail","hentry","category-sport","category-pilka-nozna"],"_links":{"self":[{"href":"https:\/\/gazetaregionalna.com\/index.php?rest_route=\/wp\/v2\/posts\/101202","targetHints":{"allow":["GET"]}}],"collection":[{"href":"https:\/\/gazetaregionalna.com\/index.php?rest_route=\/wp\/v2\/posts"}],"about":[{"href":"https:\/\/gazetaregionalna.com\/index.php?rest_route=\/wp\/v2\/types\/post"}],"author":[{"embeddable":true,"href":"https:\/\/gazetaregionalna.com\/index.php?rest_route=\/wp\/v2\/users\/15"}],"replies":[{"embeddable":true,"href":"https:\/\/gazetaregionalna.com\/index.php?rest_route=%2Fwp%2Fv2%2Fcomments&post=101202"}],"version-history":[{"count":1,"href":"https:\/\/gazetaregionalna.com\/index.php?rest_route=\/wp\/v2\/posts\/101202\/revisions"}],"predecessor-version":[{"id":101203,"href":"https:\/\/gazetaregionalna.com\/index.php?rest_route=\/wp\/v2\/posts\/101202\/revisions\/101203"}],"wp:featuredmedia":[{"embeddable":true,"href":"https:\/\/gazetaregionalna.com\/index.php?rest_route=\/wp\/v2\/media\/89549"}],"wp:attachment":[{"href":"https:\/\/gazetaregionalna.com\/index.php?rest_route=%2Fwp%2Fv2%2Fmedia&parent=101202"}],"wp:term":[{"taxonomy":"category","embeddable":true,"href":"https:\/\/gazetaregionalna.com\/index.php?rest_route=%2Fwp%2Fv2%2Fcategories&post=101202"},{"taxonomy":"post_tag","embeddable":true,"href":"https:\/\/gazetaregionalna.com\/index.php?rest_route=%2Fwp%2Fv2%2Ftags&post=101202"}],"curies":[{"name":"wp","href":"https:\/\/api.w.org\/{rel}","templated":true}]}}