{"id":101125,"date":"2023-02-14T18:14:27","date_gmt":"2023-02-14T18:14:27","guid":{"rendered":"https:\/\/gazetaregionalna.com\/?p=101125"},"modified":"2023-02-14T18:14:28","modified_gmt":"2023-02-14T18:14:28","slug":"prezydent-czestochowy-i-dyrektor-urzedu-miasta-podziekowali-dlugoletnim-pracownikom-ktorzy-nabyli-wiek-emerytalny","status":"publish","type":"post","link":"https:\/\/gazetaregionalna.com\/?p=101125","title":{"rendered":"Prezydent Cz\u0119stochowy i dyrektor Urz\u0119du Miasta podzi\u0119kowali d\u0142ugoletnim pracownikom, kt\u00f3rzy nabyli wiek emerytalny&#8230;"},"content":{"rendered":"\n<p>Wraz z pocz\u0105tkiem 2023roku spora grupa d\u0142ugoletnich pracownik\u00f3w Urz\u0119du Miasta Cz\u0119stochowy odesz\u0142a na zas\u0142u\u017con\u0105 emerytur\u0119.<\/p>\n\n\n\n<p>Osobom \u017cegnaj\u0105cym si\u0119 z prac\u0105 prezydent Cz\u0119stochowy Krzysztof Matyjaszczyk i dyrektor generalny Urz\u0119du Miasta Marek Czerwi\u0144ski wr\u0119czyli kwiaty, dzi\u0119kuj\u0105c za zaanga\u017cowanie i wzorowe wywi\u0105zywanie si\u0119 z obowi\u0105zk\u00f3w s\u0142u\u017cbowych.<\/p>\n\n\n\n<p>W\u015br\u00f3d os\u00f3b przechodz\u0105cych na emerytur\u0119 znale\u017ali si\u0119 pracownicy nawet z kilkudziesi\u0119cioletnim sta\u017cem oraz kilku urz\u0119dnik\u00f3w nale\u017c\u0105cych do kadry zarz\u0105dzaj\u0105cej.<br><br>LISTA:<br>Baran Ma\u0142gorzata<br>B\u0142aszczyk Magdalena<br>Bukalak Jadwiga<br>Fr\u0105czek Lila<br>Herbu\u015b Bo\u017cena<br>Jab\u0142o\u0144ski Jacek<br>Kawka Dorota<br>Kita El\u017cbieta<br>Klajnowska Jadwiga<br>Kuczy\u0144ska Anna<br>Kulczycka-Holi Lucyna<br>Norberczyk Barbara<br>Siwicka Danuta<br>Smole\u0144 Wioletta<br>Sobierajska Renata<br>Tarnowski Henryk<br>Wdowiak El\u017cbieta<br>Wi\u0119cek Barbara<\/p>\n\n\n\n<p>\u0179r\u00f3d\u0142o: czestochowa.pl <\/p>\n","protected":false},"excerpt":{"rendered":"<p>Wraz z pocz\u0105tkiem 2023roku spora grupa d\u0142ugoletnich pracownik\u00f3w Urz\u0119du Miasta Cz\u0119stochowy odesz\u0142a na zas\u0142u\u017con\u0105 emerytur\u0119. Osobom \u017cegnaj\u0105cym si\u0119 z prac\u0105 prezydent Cz\u0119stochowy Krzysztof Matyjaszczyk<\/p>\n","protected":false},"author":25,"featured_media":101126,"comment_status":"closed","ping_status":"open","sticky":false,"template":"","format":"standard","meta":{"_monsterinsights_skip_tracking":false,"_monsterinsights_sitenote_active":false,"_monsterinsights_sitenote_note":"","_monsterinsights_sitenote_category":0,"_uf_show_specific_survey":0,"_uf_disable_surveys":false,"footnotes":""},"categories":[2,3],"tags":[],"class_list":["post-101125","post","type-post","status-publish","format-standard","has-post-thumbnail","hentry","category-wiadomosci","category-czestochowa-informacje"],"_links":{"self":[{"href":"https:\/\/gazetaregionalna.com\/index.php?rest_route=\/wp\/v2\/posts\/101125","targetHints":{"allow":["GET"]}}],"collection":[{"href":"https:\/\/gazetaregionalna.com\/index.php?rest_route=\/wp\/v2\/posts"}],"about":[{"href":"https:\/\/gazetaregionalna.com\/index.php?rest_route=\/wp\/v2\/types\/post"}],"author":[{"embeddable":true,"href":"https:\/\/gazetaregionalna.com\/index.php?rest_route=\/wp\/v2\/users\/25"}],"replies":[{"embeddable":true,"href":"https:\/\/gazetaregionalna.com\/index.php?rest_route=%2Fwp%2Fv2%2Fcomments&post=101125"}],"version-history":[{"count":1,"href":"https:\/\/gazetaregionalna.com\/index.php?rest_route=\/wp\/v2\/posts\/101125\/revisions"}],"predecessor-version":[{"id":101127,"href":"https:\/\/gazetaregionalna.com\/index.php?rest_route=\/wp\/v2\/posts\/101125\/revisions\/101127"}],"wp:featuredmedia":[{"embeddable":true,"href":"https:\/\/gazetaregionalna.com\/index.php?rest_route=\/wp\/v2\/media\/101126"}],"wp:attachment":[{"href":"https:\/\/gazetaregionalna.com\/index.php?rest_route=%2Fwp%2Fv2%2Fmedia&parent=101125"}],"wp:term":[{"taxonomy":"category","embeddable":true,"href":"https:\/\/gazetaregionalna.com\/index.php?rest_route=%2Fwp%2Fv2%2Fcategories&post=101125"},{"taxonomy":"post_tag","embeddable":true,"href":"https:\/\/gazetaregionalna.com\/index.php?rest_route=%2Fwp%2Fv2%2Ftags&post=101125"}],"curies":[{"name":"wp","href":"https:\/\/api.w.org\/{rel}","templated":true}]}}