{"id":10095,"date":"2020-02-15T16:15:50","date_gmt":"2020-02-15T16:15:50","guid":{"rendered":"https:\/\/gazetaregionalna.com\/?p=10095"},"modified":"2020-02-15T16:15:55","modified_gmt":"2020-02-15T16:15:55","slug":"mirowska-do-remontu-autobusy-pojada-inaczej","status":"publish","type":"post","link":"https:\/\/gazetaregionalna.com\/?p=10095","title":{"rendered":"Mirowska do remontu, autobusy pojad\u0105 inaczej"},"content":{"rendered":"\n<p>W zwi\u0105zku z rozpocz\u0119ciem przebudowy ulicy Mirowskiej, od wtorku, 18 lutego Miejski Zarz\u0105d Dr\u00f3g i Transportu wprowadza w tym rejonie miasta now\u0105 organizacj\u0119 ruchu, a dla kursuj\u0105cych w tym rejonie miasta autobus\u00f3w wytyczono objazdy.<\/p>\n\n\n\n<ul class=\"wp-block-list\"><li><em>Ruch samochod\u00f3w na odcinku ul. Mirowskiej mi\u0119dzy pl. Daszy\u0144skiego a ul. Nadrzeczn\u0105 b\u0119dzie odbywa\u0142 si\u0119 tylko po jednym pasie drogi na relacji od centrum w kierunku Zawodzia <\/em>\u2014 wyja\u015bnia rzecznik prasowy MZDiT Maciej Hasik. &#8211; <em>W kierunku przeciwnym ul. Mirowska zostanie zamkni\u0119ta dla ruchu z uwagi na prace, a plac budowy pozwoli omin\u0105\u0107 objazd przez ul. Nadrzeczn\u0105 i dalej ul. Warszawsk\u0105 do pl. Daszy\u0144skiego.<\/em><br> Od wtorku, do odwo\u0142ania, zmianie ulegn\u0105 trasy cz\u0119\u015bci autobus\u00f3w MPK poruszaj\u0105cych si\u0119 w obr\u0119bie centrum. Dotyczy to linii: 11, 13, 18, 21, 24, 26, 27, 28, 31 i 84.<br> Autobusy b\u0119d\u0105 kursowa\u0107 wed\u0142ug nast\u0119puj\u0105cych zasad:<\/li><\/ul>\n\n\n\n<p>Linie nr 11 i 13: z Mirowskiej przez Nadrzeczn\u0105, Spadek, Warszawsk\u0105 do I Alei NMP i dalej bez zmian;<\/p>\n\n\n\n<p>Linie nr 18, 21, 26, 27, 31 i 84: z Mirowskiej przez Nadrzeczn\u0105, Spadek do Garibaldiego i dalej bez zmian;<\/p>\n\n\n\n<p>Linia nr 28 kier. Parkitka: z Mirowskiej przez Nadrzeczn\u0105, Warszawsk\u0105 do Alei Jana Paw\u0142a II i dalej bez zmian.<\/p>\n\n\n\n<p>Linia nr 24 kier. Kukuczki: z Krakowskiej przez Mirowsk\u0105, Nadrzeczn\u0105, Warszawsk\u0105 do Alei Jana Paw\u0142a II i dalej bez zmian.<br>\nUwaga, dla wy\u017cej wymienionych linii w kierunku przeciwnym, a wi\u0119c Zawodzia, Mirowa, Kucelina, B\u0142eszna i Rakowa objazdy nie obowi\u0105zuj\u0105.<\/p>\n","protected":false},"excerpt":{"rendered":"<p>W zwi\u0105zku z rozpocz\u0119ciem przebudowy ulicy Mirowskiej, od wtorku, 18 lutego Miejski Zarz\u0105d Dr\u00f3g i Transportu wprowadza w tym rejonie miasta now\u0105 organizacj\u0119 ruchu,<\/p>\n","protected":false},"author":7,"featured_media":7683,"comment_status":"open","ping_status":"open","sticky":false,"template":"","format":"standard","meta":{"_monsterinsights_skip_tracking":false,"_monsterinsights_sitenote_active":false,"_monsterinsights_sitenote_note":"","_monsterinsights_sitenote_category":0,"_uf_show_specific_survey":0,"_uf_disable_surveys":false,"footnotes":""},"categories":[94,3,2],"tags":[],"class_list":["post-10095","post","type-post","status-publish","format-standard","has-post-thumbnail","hentry","category-polecane","category-czestochowa-informacje","category-wiadomosci"],"_links":{"self":[{"href":"https:\/\/gazetaregionalna.com\/index.php?rest_route=\/wp\/v2\/posts\/10095","targetHints":{"allow":["GET"]}}],"collection":[{"href":"https:\/\/gazetaregionalna.com\/index.php?rest_route=\/wp\/v2\/posts"}],"about":[{"href":"https:\/\/gazetaregionalna.com\/index.php?rest_route=\/wp\/v2\/types\/post"}],"author":[{"embeddable":true,"href":"https:\/\/gazetaregionalna.com\/index.php?rest_route=\/wp\/v2\/users\/7"}],"replies":[{"embeddable":true,"href":"https:\/\/gazetaregionalna.com\/index.php?rest_route=%2Fwp%2Fv2%2Fcomments&post=10095"}],"version-history":[{"count":1,"href":"https:\/\/gazetaregionalna.com\/index.php?rest_route=\/wp\/v2\/posts\/10095\/revisions"}],"predecessor-version":[{"id":10096,"href":"https:\/\/gazetaregionalna.com\/index.php?rest_route=\/wp\/v2\/posts\/10095\/revisions\/10096"}],"wp:featuredmedia":[{"embeddable":true,"href":"https:\/\/gazetaregionalna.com\/index.php?rest_route=\/wp\/v2\/media\/7683"}],"wp:attachment":[{"href":"https:\/\/gazetaregionalna.com\/index.php?rest_route=%2Fwp%2Fv2%2Fmedia&parent=10095"}],"wp:term":[{"taxonomy":"category","embeddable":true,"href":"https:\/\/gazetaregionalna.com\/index.php?rest_route=%2Fwp%2Fv2%2Fcategories&post=10095"},{"taxonomy":"post_tag","embeddable":true,"href":"https:\/\/gazetaregionalna.com\/index.php?rest_route=%2Fwp%2Fv2%2Ftags&post=10095"}],"curies":[{"name":"wp","href":"https:\/\/api.w.org\/{rel}","templated":true}]}}