{"id":10092,"date":"2020-02-15T16:03:06","date_gmt":"2020-02-15T16:03:06","guid":{"rendered":"https:\/\/gazetaregionalna.com\/?p=10092"},"modified":"2020-02-15T16:03:09","modified_gmt":"2020-02-15T16:03:09","slug":"filmowe-spotkania-z-historia","status":"publish","type":"post","link":"https:\/\/gazetaregionalna.com\/?p=10092","title":{"rendered":"Filmowe spotkania z histori\u0105"},"content":{"rendered":"\n<p>W ramach obchod\u00f3w 800-lecia Cz\u0119stochowy Kino Studyjne O\u015brodka Kultury Filmowej &#8222;Iluzja&#8221; rozpoczyna cykl projekcji film\u00f3w po\u015bwi\u0119conych historii naszego miasta. Na pocz\u0105tek ju\u017c jutro, 16 lutego, film dokumentalny \u201eCz\u0119stochowa w latach 1918-1939. Obraz powsta\u0142 z okazji 100. rocznicy odzyskania przez Polsk\u0119 niepodleg\u0142o\u015bci i pokazuje Cz\u0119stochow\u0119 okresu mi\u0119dzywojennego. o pokazie filmowym odb\u0119dzie si\u0119 spotkanie z tw\u00f3rcami filmu Krzysztofem Kasprzakiem, Zbis\u0142awem Janikowskim i historykiem Juliuszem S\u0119towskim. Pocz\u0105tek seansu godzina 11.15. Wst\u0119p wolny. Warto przyj\u015b\u0107 nieco wcze\u015bniej przed seansem, aby dosta\u0107 si\u0119 na pokaz, gdy\u017c liczba miejsc jest ograniczona. Jednocze\u015bnie film mo\u017ce w &#8222;Iluzji&#8221; ogl\u0105da\u0107 maksymalnie 120 widz\u00f3w.<\/p>\n","protected":false},"excerpt":{"rendered":"<p>W ramach obchod\u00f3w 800-lecia Cz\u0119stochowy Kino Studyjne O\u015brodka Kultury Filmowej &#8222;Iluzja&#8221; rozpoczyna cykl projekcji film\u00f3w po\u015bwi\u0119conych historii naszego miasta. Na pocz\u0105tek ju\u017c jutro, 16<\/p>\n","protected":false},"author":7,"featured_media":10093,"comment_status":"open","ping_status":"open","sticky":false,"template":"","format":"standard","meta":{"_monsterinsights_skip_tracking":false,"_monsterinsights_sitenote_active":false,"_monsterinsights_sitenote_note":"","_monsterinsights_sitenote_category":0,"_uf_show_specific_survey":0,"_uf_disable_surveys":false,"footnotes":""},"categories":[12,3,94,2,13],"tags":[],"class_list":["post-10092","post","type-post","status-publish","format-standard","has-post-thumbnail","hentry","category-kultura-i-rozrywka","category-czestochowa-informacje","category-polecane","category-wiadomosci","category-wydarzenia"],"_links":{"self":[{"href":"https:\/\/gazetaregionalna.com\/index.php?rest_route=\/wp\/v2\/posts\/10092","targetHints":{"allow":["GET"]}}],"collection":[{"href":"https:\/\/gazetaregionalna.com\/index.php?rest_route=\/wp\/v2\/posts"}],"about":[{"href":"https:\/\/gazetaregionalna.com\/index.php?rest_route=\/wp\/v2\/types\/post"}],"author":[{"embeddable":true,"href":"https:\/\/gazetaregionalna.com\/index.php?rest_route=\/wp\/v2\/users\/7"}],"replies":[{"embeddable":true,"href":"https:\/\/gazetaregionalna.com\/index.php?rest_route=%2Fwp%2Fv2%2Fcomments&post=10092"}],"version-history":[{"count":1,"href":"https:\/\/gazetaregionalna.com\/index.php?rest_route=\/wp\/v2\/posts\/10092\/revisions"}],"predecessor-version":[{"id":10094,"href":"https:\/\/gazetaregionalna.com\/index.php?rest_route=\/wp\/v2\/posts\/10092\/revisions\/10094"}],"wp:featuredmedia":[{"embeddable":true,"href":"https:\/\/gazetaregionalna.com\/index.php?rest_route=\/wp\/v2\/media\/10093"}],"wp:attachment":[{"href":"https:\/\/gazetaregionalna.com\/index.php?rest_route=%2Fwp%2Fv2%2Fmedia&parent=10092"}],"wp:term":[{"taxonomy":"category","embeddable":true,"href":"https:\/\/gazetaregionalna.com\/index.php?rest_route=%2Fwp%2Fv2%2Fcategories&post=10092"},{"taxonomy":"post_tag","embeddable":true,"href":"https:\/\/gazetaregionalna.com\/index.php?rest_route=%2Fwp%2Fv2%2Ftags&post=10092"}],"curies":[{"name":"wp","href":"https:\/\/api.w.org\/{rel}","templated":true}]}}