{"id":100750,"date":"2023-02-09T18:57:47","date_gmt":"2023-02-09T18:57:47","guid":{"rendered":"https:\/\/gazetaregionalna.com\/?p=100750"},"modified":"2023-02-09T18:57:51","modified_gmt":"2023-02-09T18:57:51","slug":"dwie-siatkarskie-silesie-zmierza-sie-ze-soba-w-srode-w-czestochowie","status":"publish","type":"post","link":"https:\/\/gazetaregionalna.com\/?p=100750","title":{"rendered":"Dwie siatkarskie Silesie zmierz\u0105 si\u0119 ze sob\u0105 w \u015brod\u0119 w Cz\u0119stochowie&#8230;"},"content":{"rendered":"\n<p>Pojedynek dw\u00f3ch imienniczek: Silesii Cz\u0119stochowa i Silesii Volley Mys\u0142owice odb\u0119dzie si\u0119 w \u015brod\u0119, 15 lutego w hali Politechnik. Zapowiadaj\u0105 si\u0119 du\u017ce emocje.<\/p>\n\n\n\n<p>Wicelider 2 ligi kobiet: KS Silesia Cz\u0119stochowa podejmuje w \u015brod\u0119 swoj\u0105 imienniczk\u0119 Silesi\u0119 Volley Mys\u0142owice. Spotkanie zapowiada si\u0119 bardzo ciekawie, bo KS Silesia Cz\u0119stochowa to wicelidera tabeli ma tylko punkt przewagi nad 3. Silesi\u0105 Volley Mys\u0142owice.<\/p>\n\n\n\n<p>Do zako\u0144czenia rundy zasadniczej dla cz\u0119stochowskich siatkarek pozosta\u0142y ju\u017c tylko 4 mecze. Zwyci\u0119stwo w sobot\u0119 pozwoli cz\u0119stochowiankom powi\u0119kszy\u0107 przewag\u0119 nad rywalkami z Mys\u0142owic. W bara\u017cach o 1-lig\u0119 zagraj\u0105 po dwie najlepsze dru\u017cyny z ka\u017cdej z grup.<\/p>\n\n\n\n<p>\u015arodowy mecz mi\u0119dzy Silesi\u0105 Cz\u0119stochowa i Silesi\u0105 Volley Mys\u0142owice zaplanowano w hali Politechnik przy Al. Armii Krajowej o godz. 19.<\/p>\n\n\n\n<p>AK, fot: AK<\/p>\n\n\n\n<figure class=\"wp-block-image size-large\"><img decoding=\"async\" width=\"1024\" height=\"683\" data-src=\"https:\/\/gazetaregionalna.com\/wp-content\/uploads\/2023\/01\/SilesiaCzestochowa-0-2-1024x683.jpg\" alt=\"\" class=\"wp-image-99713 lazyload\" data-srcset=\"https:\/\/gazetaregionalna.com\/wp-content\/uploads\/2023\/01\/SilesiaCzestochowa-0-2-1024x683.jpg 1024w, https:\/\/gazetaregionalna.com\/wp-content\/uploads\/2023\/01\/SilesiaCzestochowa-0-2-300x200.jpg 300w, https:\/\/gazetaregionalna.com\/wp-content\/uploads\/2023\/01\/SilesiaCzestochowa-0-2-768x512.jpg 768w, https:\/\/gazetaregionalna.com\/wp-content\/uploads\/2023\/01\/SilesiaCzestochowa-0-2-1536x1024.jpg 1536w, https:\/\/gazetaregionalna.com\/wp-content\/uploads\/2023\/01\/SilesiaCzestochowa-0-2-696x464.jpg 696w, https:\/\/gazetaregionalna.com\/wp-content\/uploads\/2023\/01\/SilesiaCzestochowa-0-2-1068x712.jpg 1068w, https:\/\/gazetaregionalna.com\/wp-content\/uploads\/2023\/01\/SilesiaCzestochowa-0-2-630x420.jpg 630w, https:\/\/gazetaregionalna.com\/wp-content\/uploads\/2023\/01\/SilesiaCzestochowa-0-2-scaled.jpg 1600w\" data-sizes=\"(max-width: 1024px) 100vw, 1024px\" src=\"data:image\/svg+xml;base64,PHN2ZyB3aWR0aD0iMSIgaGVpZ2h0PSIxIiB4bWxucz0iaHR0cDovL3d3dy53My5vcmcvMjAwMC9zdmciPjwvc3ZnPg==\" style=\"--smush-placeholder-width: 1024px; --smush-placeholder-aspect-ratio: 1024\/683;\" \/><\/figure>\n\n\n\n<figure class=\"wp-block-image size-large\"><img decoding=\"async\" width=\"1024\" height=\"683\" data-src=\"https:\/\/gazetaregionalna.com\/wp-content\/uploads\/2023\/01\/SilesiaCzestochowa-4-1024x683.jpg\" alt=\"\" class=\"wp-image-99717 lazyload\" data-srcset=\"https:\/\/gazetaregionalna.com\/wp-content\/uploads\/2023\/01\/SilesiaCzestochowa-4-1024x683.jpg 1024w, https:\/\/gazetaregionalna.com\/wp-content\/uploads\/2023\/01\/SilesiaCzestochowa-4-300x200.jpg 300w, https:\/\/gazetaregionalna.com\/wp-content\/uploads\/2023\/01\/SilesiaCzestochowa-4-768x512.jpg 768w, https:\/\/gazetaregionalna.com\/wp-content\/uploads\/2023\/01\/SilesiaCzestochowa-4-1536x1024.jpg 1536w, https:\/\/gazetaregionalna.com\/wp-content\/uploads\/2023\/01\/SilesiaCzestochowa-4-2048x1365.jpg 2048w, https:\/\/gazetaregionalna.com\/wp-content\/uploads\/2023\/01\/SilesiaCzestochowa-4-696x464.jpg 696w, https:\/\/gazetaregionalna.com\/wp-content\/uploads\/2023\/01\/SilesiaCzestochowa-4-1068x712.jpg 1068w, https:\/\/gazetaregionalna.com\/wp-content\/uploads\/2023\/01\/SilesiaCzestochowa-4-1920x1280.jpg 1920w, https:\/\/gazetaregionalna.com\/wp-content\/uploads\/2023\/01\/SilesiaCzestochowa-4-630x420.jpg 630w, https:\/\/gazetaregionalna.com\/wp-content\/uploads\/2023\/01\/SilesiaCzestochowa-4-scaled.jpg 1600w\" data-sizes=\"(max-width: 1024px) 100vw, 1024px\" src=\"data:image\/svg+xml;base64,PHN2ZyB3aWR0aD0iMSIgaGVpZ2h0PSIxIiB4bWxucz0iaHR0cDovL3d3dy53My5vcmcvMjAwMC9zdmciPjwvc3ZnPg==\" style=\"--smush-placeholder-width: 1024px; --smush-placeholder-aspect-ratio: 1024\/683;\" \/><\/figure>\n\n\n\n<figure class=\"wp-block-image size-large\"><img decoding=\"async\" width=\"300\" height=\"250\" data-src=\"https:\/\/gazetaregionalna.com\/wp-content\/uploads\/2022\/04\/DMK-2.jpg\" alt=\"\" class=\"wp-image-77210 lazyload\" src=\"data:image\/svg+xml;base64,PHN2ZyB3aWR0aD0iMSIgaGVpZ2h0PSIxIiB4bWxucz0iaHR0cDovL3d3dy53My5vcmcvMjAwMC9zdmciPjwvc3ZnPg==\" style=\"--smush-placeholder-width: 300px; --smush-placeholder-aspect-ratio: 300\/250;\"><\/figure>\n","protected":false},"excerpt":{"rendered":"<p>Pojedynek dw\u00f3ch imienniczek: Silesii Cz\u0119stochowa i Silesii Volley Mys\u0142owice odb\u0119dzie si\u0119 w \u015brod\u0119, 15 lutego w hali Politechnik. Zapowiadaj\u0105 si\u0119 du\u017ce emocje. Wicelider 2<\/p>\n","protected":false},"author":15,"featured_media":99713,"comment_status":"closed","ping_status":"open","sticky":false,"template":"","format":"standard","meta":{"_monsterinsights_skip_tracking":false,"_monsterinsights_sitenote_active":false,"_monsterinsights_sitenote_note":"","_monsterinsights_sitenote_category":0,"_uf_show_specific_survey":0,"_uf_disable_surveys":false,"footnotes":""},"categories":[5,8],"tags":[],"class_list":["post-100750","post","type-post","status-publish","format-standard","has-post-thumbnail","hentry","category-sport","category-siatkowka"],"_links":{"self":[{"href":"https:\/\/gazetaregionalna.com\/index.php?rest_route=\/wp\/v2\/posts\/100750","targetHints":{"allow":["GET"]}}],"collection":[{"href":"https:\/\/gazetaregionalna.com\/index.php?rest_route=\/wp\/v2\/posts"}],"about":[{"href":"https:\/\/gazetaregionalna.com\/index.php?rest_route=\/wp\/v2\/types\/post"}],"author":[{"embeddable":true,"href":"https:\/\/gazetaregionalna.com\/index.php?rest_route=\/wp\/v2\/users\/15"}],"replies":[{"embeddable":true,"href":"https:\/\/gazetaregionalna.com\/index.php?rest_route=%2Fwp%2Fv2%2Fcomments&post=100750"}],"version-history":[{"count":1,"href":"https:\/\/gazetaregionalna.com\/index.php?rest_route=\/wp\/v2\/posts\/100750\/revisions"}],"predecessor-version":[{"id":100753,"href":"https:\/\/gazetaregionalna.com\/index.php?rest_route=\/wp\/v2\/posts\/100750\/revisions\/100753"}],"wp:featuredmedia":[{"embeddable":true,"href":"https:\/\/gazetaregionalna.com\/index.php?rest_route=\/wp\/v2\/media\/99713"}],"wp:attachment":[{"href":"https:\/\/gazetaregionalna.com\/index.php?rest_route=%2Fwp%2Fv2%2Fmedia&parent=100750"}],"wp:term":[{"taxonomy":"category","embeddable":true,"href":"https:\/\/gazetaregionalna.com\/index.php?rest_route=%2Fwp%2Fv2%2Fcategories&post=100750"},{"taxonomy":"post_tag","embeddable":true,"href":"https:\/\/gazetaregionalna.com\/index.php?rest_route=%2Fwp%2Fv2%2Ftags&post=100750"}],"curies":[{"name":"wp","href":"https:\/\/api.w.org\/{rel}","templated":true}]}}