{"id":10074,"date":"2020-02-14T14:56:44","date_gmt":"2020-02-14T14:56:44","guid":{"rendered":"https:\/\/gazetaregionalna.com\/?p=10074"},"modified":"2020-02-14T14:56:46","modified_gmt":"2020-02-14T14:56:46","slug":"sucha-zabudowa-inspirujace-pomysly","status":"publish","type":"post","link":"https:\/\/gazetaregionalna.com\/?p=10074","title":{"rendered":"Sucha zabudowa \u2013 inspiruj\u0105ce pomys\u0142y"},"content":{"rendered":"\n<p><strong>Sucha zabudowa wn\u0119trz to nie tylko p\u0142yty do rozdzielenia pomieszcze\u0144 lub wykonania ocieplenia wewn\u0105trz mieszkania. Dzi\u0119ki nim, mo\u017cemy \u015bwietnie zaaran\u017cowa\u0107 mieszkanie, zyska\u0107 funkcjonalne meble lub po prostu nada\u0107 wn\u0119trzu klimat stylu, na kt\u00f3rym nam zale\u017cy. Wi\u0119cej inspiruj\u0105cych pomys\u0142\u00f3w dotycz\u0105cych wykorzystania suchej zabudowy we wn\u0119trzu znajdziesz poni\u017cej.<\/strong><\/p>\n\n\n\n<p><strong>Eleganckie wyko\u0144czenie \u015bciany w salonie<\/strong><\/p>\n\n\n\n<p>Sucha zabudowa wn\u0119trz mo\u017ce by\u0107 wykorzystana jako \u015bciana w salonie.\nDzi\u0119ki temu, stworzymy minimalistyczny i nowoczesny k\u0105cik, np. na telewizor i\nsprz\u0119t muzyczny. Na tego typu \u015bcianie zawiesimy ekran lub wykonany z niej p\u00f3\u0142ki\nna dekoracje. Pod \u015bcian\u0105 z suchej zabudowy, warto poprowadzi\u0107 ta\u015bm\u0119 z\no\u015bwietleniem LED, co dodatkowo nada jej charakter. P\u0142yty gipsowo-kartonowe to\nidealne rozwi\u0105zanie nie tylko do pokoju dziennego, ale i \u0142azienki lub kuchni.<\/p>\n\n\n\n<figure class=\"wp-block-image size-large\"><img decoding=\"async\" width=\"1024\" height=\"683\" data-src=\"https:\/\/gazetaregionalna.com\/wp-content\/uploads\/2020\/02\/fashionable-living-room-interior-design-with-grey-W82NF9G-1024x683.jpg\" alt=\"\" class=\"wp-image-10076 lazyload\" data-srcset=\"https:\/\/gazetaregionalna.com\/wp-content\/uploads\/2020\/02\/fashionable-living-room-interior-design-with-grey-W82NF9G-1024x683.jpg 1024w, https:\/\/gazetaregionalna.com\/wp-content\/uploads\/2020\/02\/fashionable-living-room-interior-design-with-grey-W82NF9G-300x200.jpg 300w, https:\/\/gazetaregionalna.com\/wp-content\/uploads\/2020\/02\/fashionable-living-room-interior-design-with-grey-W82NF9G-768x512.jpg 768w, https:\/\/gazetaregionalna.com\/wp-content\/uploads\/2020\/02\/fashionable-living-room-interior-design-with-grey-W82NF9G-696x464.jpg 696w, https:\/\/gazetaregionalna.com\/wp-content\/uploads\/2020\/02\/fashionable-living-room-interior-design-with-grey-W82NF9G-1068x712.jpg 1068w, https:\/\/gazetaregionalna.com\/wp-content\/uploads\/2020\/02\/fashionable-living-room-interior-design-with-grey-W82NF9G-630x420.jpg 630w, https:\/\/gazetaregionalna.com\/wp-content\/uploads\/2020\/02\/fashionable-living-room-interior-design-with-grey-W82NF9G.jpg 1090w\" data-sizes=\"(max-width: 1024px) 100vw, 1024px\" src=\"data:image\/svg+xml;base64,PHN2ZyB3aWR0aD0iMSIgaGVpZ2h0PSIxIiB4bWxucz0iaHR0cDovL3d3dy53My5vcmcvMjAwMC9zdmciPjwvc3ZnPg==\" style=\"--smush-placeholder-width: 1024px; --smush-placeholder-aspect-ratio: 1024\/683;\" \/><figcaption>Sucha zabudowa<\/figcaption><\/figure>\n\n\n\n<p><strong>Ma\u0142a, ale funkcjonalna kuchnia<\/strong><\/p>\n\n\n\n<p>W ma\u0142ej kuchni, liczy si\u0119 ka\u017cdy dodatkowy fragment przestrzeni. Je\u015bli\nchcemy zyska\u0107 miejsce na blatach i w szafkach, warto wykorzysta\u0107 such\u0105 zabudow\u0119\ndo wykonania p\u00f3\u0142ek wewn\u0105trz \u015bciany. Na tego typu rega\u0142ach poustawiamy s\u0142oiki z\nprzyprawami, eleganck\u0105 zastaw\u0119 sto\u0142owa lub ksi\u0105\u017cki kucharskie. P\u0142yty\ngipsowo-kartonowe pomog\u0105 obni\u017cy\u0107 za wysoki sufit w kuchni lub jadalni albo\nprzedziel\u0105 du\u017cy salon na dwie cz\u0119\u015bci. Wtedy zyskamy pok\u00f3j dzienny w przytulnym\nklimacie i wi\u0119ksz\u0105 kuchni\u0119, w kt\u00f3rej zmie\u015bci si\u0119 st\u00f3\u0142.<\/p>\n\n\n\n<p><strong>Rega\u0142 w \u015bcianie dla ksi\u0105\u017ckoholika<\/strong><\/p>\n\n\n\n<p>Je\u015bli uwielbiasz czyta\u0107, ale powoli ko\u0144czy Ci si\u0119 miejsce na kolejn\u0105\nbiblioteczk\u0119, to nic straconego. Sucha zabudowa mo\u017ce by\u0107 wykorzystana do\nwykonania rega\u0142\u00f3w w \u015bcianie. Wtedy ka\u017cda kolejna lektura znajdzie swoje\nmiejsce, ale nie kosztem przestrzeni u\u017cytkowej. Tego typu rega\u0142 mo\u017cna wykona\u0107 w\nsalonie, kuchni lub w sypialni. Jednym s\u0142owem wsz\u0119dzie tam, gdzie mamy ma\u0142o\nmiejsca na meble, ale woln\u0105 \u015bcian\u0119 do zagospodarowania w formie biblioteczki.<\/p>\n","protected":false},"excerpt":{"rendered":"<p>Sucha zabudowa wn\u0119trz to nie tylko p\u0142yty do rozdzielenia pomieszcze\u0144 lub wykonania ocieplenia wewn\u0105trz mieszkania. Dzi\u0119ki nim, mo\u017cemy \u015bwietnie zaaran\u017cowa\u0107 mieszkanie, zyska\u0107 funkcjonalne meble<\/p>\n","protected":false},"author":5,"featured_media":10075,"comment_status":"open","ping_status":"open","sticky":false,"template":"","format":"standard","meta":{"_monsterinsights_skip_tracking":false,"_monsterinsights_sitenote_active":false,"_monsterinsights_sitenote_note":"","_monsterinsights_sitenote_category":0,"_uf_show_specific_survey":0,"_uf_disable_surveys":false,"footnotes":""},"categories":[17,20],"tags":[338],"class_list":["post-10074","post","type-post","status-publish","format-standard","has-post-thumbnail","hentry","category-dom","category-budownictwo","tag-sucha-zabudowa"],"_links":{"self":[{"href":"https:\/\/gazetaregionalna.com\/index.php?rest_route=\/wp\/v2\/posts\/10074","targetHints":{"allow":["GET"]}}],"collection":[{"href":"https:\/\/gazetaregionalna.com\/index.php?rest_route=\/wp\/v2\/posts"}],"about":[{"href":"https:\/\/gazetaregionalna.com\/index.php?rest_route=\/wp\/v2\/types\/post"}],"author":[{"embeddable":true,"href":"https:\/\/gazetaregionalna.com\/index.php?rest_route=\/wp\/v2\/users\/5"}],"replies":[{"embeddable":true,"href":"https:\/\/gazetaregionalna.com\/index.php?rest_route=%2Fwp%2Fv2%2Fcomments&post=10074"}],"version-history":[{"count":1,"href":"https:\/\/gazetaregionalna.com\/index.php?rest_route=\/wp\/v2\/posts\/10074\/revisions"}],"predecessor-version":[{"id":10077,"href":"https:\/\/gazetaregionalna.com\/index.php?rest_route=\/wp\/v2\/posts\/10074\/revisions\/10077"}],"wp:featuredmedia":[{"embeddable":true,"href":"https:\/\/gazetaregionalna.com\/index.php?rest_route=\/wp\/v2\/media\/10075"}],"wp:attachment":[{"href":"https:\/\/gazetaregionalna.com\/index.php?rest_route=%2Fwp%2Fv2%2Fmedia&parent=10074"}],"wp:term":[{"taxonomy":"category","embeddable":true,"href":"https:\/\/gazetaregionalna.com\/index.php?rest_route=%2Fwp%2Fv2%2Fcategories&post=10074"},{"taxonomy":"post_tag","embeddable":true,"href":"https:\/\/gazetaregionalna.com\/index.php?rest_route=%2Fwp%2Fv2%2Ftags&post=10074"}],"curies":[{"name":"wp","href":"https:\/\/api.w.org\/{rel}","templated":true}]}}